{"id":188,"date":"2020-05-18T08:30:25","date_gmt":"2020-05-18T05:30:25","guid":{"rendered":"https:\/\/digimuseo.fi\/tasavallan-presidentin-ja-rouva-jenni-haukion-tervehdys\/"},"modified":"2020-05-18T12:31:22","modified_gmt":"2020-05-18T09:31:22","slug":"republikens-presidents-och-fru-jenni-haukios-halsning","status":"publish","type":"post","link":"https:\/\/digimuseo.fi\/sv\/republikens-presidents-och-fru-jenni-haukios-halsning\/","title":{"rendered":"Republikens presidents och fru Jenni Haukios h\u00e4lsning"},"content":{"rendered":"<p>Historiekunskap hj\u00e4lper oss att besvara m\u00e5nga fr\u00e5gor. Hur har det moderna samh\u00e4llet blivit till, varifr\u00e5n har vi kommit och hur h\u00e4nger det f\u00f6rflutna samman med framtiden? Historiekunskap hj\u00e4lper oss att f\u00f6rst\u00e5 v\u00e4rlden.<\/p>\n<p>Vi har alla r\u00e4tt att ta del av historia, konst och kulturarv. Digitaliseringen ger oss nya l\u00f6sningar och m\u00f6jligheter till delaktighet. P\u00e5 n\u00e4tet \u00e4r tj\u00e4nster och inneh\u00e5ll tillg\u00e4ngliga p\u00e5 lika villkor, oberoende av tid eller plats.<\/p>\n<p>Det nya digitala museet, portalen Digimuseo.fi som drivs av Finlands museif\u00f6rbund i samarbete med John Nurminen Stiftelsen tar b\u00e5de tiden och tillf\u00e4llet i akt. Den exceptionella tid vi lever i just nu ger nya Digimuseo.fi ett s\u00e4rskilt v\u00e4rde.<\/p>\n<p>Det ambiti\u00f6sa m\u00e5let \u00e4r att den ny\u00f6ppnade portalen ska etablera sig som en betydande plattform f\u00f6r digitala museitj\u00e4nster i Finland. De tekniska l\u00f6sningarna i Digimuseo.fi bygger p\u00e5 avancerad finl\u00e4ndsk kompetens.<\/p>\n<p>Vi \u00f6nskar Digimuseo.fi samt producenterna av de f\u00f6rsta digitala utst\u00e4llningarna, Apoteksmuseet, lantbruksmuseet Sarka och Helin\u00e4 Rautavaaramuseet, all framg\u00e5ng. Bes\u00f6karna i det digitala museet \u00f6nskar vi upplevelserika stunder bland kulturutbudet.<\/p>\n<div style=\"display: flex;\" class=\"signatures\">\n<div style=\"font-size: 14px; margin-right:24px;\"><img decoding=\"async\" style=\"max-height:80px; width: auto; display:block; margin-top: 48px;\" src=\"https:\/\/digimuseo.fi\/wp-content\/uploads\/2020\/05\/allekirjoitus-sauli-niinisto_opt.jpg\" alt=\"Republikens president Sauli Niinist\u00f6\" \/><br \/>\n<strong>Sauli Niinist\u00f6<\/strong><br \/>\nRepublikens president\n<\/div>\n<div style=\"font-size: 14px;\">\n<img decoding=\"async\" style=\"max-height:80px; width: auto; display:block; margin-top: 48px;\" src=\"https:\/\/digimuseo.fi\/wp-content\/uploads\/2020\/05\/allekirjoitus-jenni-haukio_opt.jpg\" alt=\"Republikens presidents maka Jenni Haukio\" \/><br \/>\n<strong>Jenni Haukio<\/strong><br \/>\nRepublikens presidents maka\n<\/div>\n<\/div>\n","protected":false},"excerpt":{"rendered":"<p>Historiekunskap hj\u00e4lper oss att besvara m\u00e5nga fr\u00e5gor. Hur har det moderna samh\u00e4llet blivit till, varifr\u00e5n har vi kommit och hur h\u00e4nger det f\u00f6rflutna samman med framtiden? Historiekunskap hj\u00e4lper oss att f\u00f6rst\u00e5 v\u00e4rlden. Vi har alla r\u00e4tt att ta del av historia, konst och kulturarv. Digitaliseringen ger oss nya l\u00f6sningar och m\u00f6jligheter till delaktighet. P\u00e5 n\u00e4tet [&hellip;]<\/p>\n","protected":false},"author":9,"featured_media":92,"comment_status":"closed","ping_status":"closed","sticky":false,"template":"","format":"standard","meta":{"_acf_changed":false,"footnotes":""},"categories":[],"tags":[],"class_list":["post-188","post","type-post","status-publish","format-standard","has-post-thumbnail","hentry"],"acf":[],"yoast_head":"<!-- This site is optimized with the Yoast SEO plugin v27.4 - https:\/\/yoast.com\/product\/yoast-seo-wordpress\/ -->\n<title>Republikens presidents och fru Jenni Haukios h\u00e4lsning - Digital museum<\/title>\n<meta name=\"robots\" content=\"index, follow, max-snippet:-1, max-image-preview:large, max-video-preview:-1\" \/>\n<link rel=\"canonical\" href=\"https:\/\/digimuseo.fi\/sv\/republikens-presidents-och-fru-jenni-haukios-halsning\/\" \/>\n<meta property=\"og:locale\" content=\"sv_SE\" \/>\n<meta property=\"og:type\" content=\"article\" \/>\n<meta property=\"og:title\" content=\"Republikens presidents och fru Jenni Haukios h\u00e4lsning - Digital museum\" \/>\n<meta property=\"og:description\" content=\"Historiekunskap hj\u00e4lper oss att besvara m\u00e5nga fr\u00e5gor. Hur har det moderna samh\u00e4llet blivit till, varifr\u00e5n har vi kommit och hur h\u00e4nger det f\u00f6rflutna samman med framtiden? Historiekunskap hj\u00e4lper oss att f\u00f6rst\u00e5 v\u00e4rlden. Vi har alla r\u00e4tt att ta del av historia, konst och kulturarv. Digitaliseringen ger oss nya l\u00f6sningar och m\u00f6jligheter till delaktighet. P\u00e5 n\u00e4tet [&hellip;]\" \/>\n<meta property=\"og:url\" content=\"https:\/\/digimuseo.fi\/sv\/republikens-presidents-och-fru-jenni-haukios-halsning\/\" \/>\n<meta property=\"og:site_name\" content=\"Digital museum\" \/>\n<meta property=\"article:published_time\" content=\"2020-05-18T05:30:25+00:00\" \/>\n<meta property=\"article:modified_time\" content=\"2020-05-18T09:31:22+00:00\" \/>\n<meta property=\"og:image\" content=\"https:\/\/digimuseo.fi\/wp-content\/uploads\/2020\/05\/tervehdys_opt.jpg\" \/>\n\t<meta property=\"og:image:width\" content=\"1200\" \/>\n\t<meta property=\"og:image:height\" content=\"800\" \/>\n\t<meta property=\"og:image:type\" content=\"image\/jpeg\" \/>\n<meta name=\"author\" content=\"Janne Tielinen\" \/>\n<meta name=\"twitter:card\" content=\"summary_large_image\" \/>\n<meta name=\"twitter:label1\" content=\"Skriven av\" \/>\n\t<meta name=\"twitter:data1\" content=\"Janne Tielinen\" \/>\n\t<meta name=\"twitter:label2\" content=\"Ber\u00e4knad l\u00e4stid\" \/>\n\t<meta name=\"twitter:data2\" content=\"1 minut\" \/>\n<script type=\"application\/ld+json\" class=\"yoast-schema-graph\">{\"@context\":\"https:\\\/\\\/schema.org\",\"@graph\":[{\"@type\":\"Article\",\"@id\":\"https:\\\/\\\/digimuseo.fi\\\/sv\\\/republikens-presidents-och-fru-jenni-haukios-halsning\\\/#article\",\"isPartOf\":{\"@id\":\"https:\\\/\\\/digimuseo.fi\\\/sv\\\/republikens-presidents-och-fru-jenni-haukios-halsning\\\/\"},\"author\":{\"name\":\"Janne Tielinen\",\"@id\":\"https:\\\/\\\/digimuseo.fi\\\/en\\\/#\\\/schema\\\/person\\\/861026bb298c1ec61f814476b0b6937d\"},\"headline\":\"Republikens presidents och fru Jenni Haukios h\u00e4lsning\",\"datePublished\":\"2020-05-18T05:30:25+00:00\",\"dateModified\":\"2020-05-18T09:31:22+00:00\",\"mainEntityOfPage\":{\"@id\":\"https:\\\/\\\/digimuseo.fi\\\/sv\\\/republikens-presidents-och-fru-jenni-haukios-halsning\\\/\"},\"wordCount\":219,\"image\":{\"@id\":\"https:\\\/\\\/digimuseo.fi\\\/sv\\\/republikens-presidents-och-fru-jenni-haukios-halsning\\\/#primaryimage\"},\"thumbnailUrl\":\"https:\\\/\\\/digimuseo.fi\\\/wp-content\\\/uploads\\\/2020\\\/05\\\/tervehdys_opt.jpg\",\"inLanguage\":\"sv-SE\"},{\"@type\":\"WebPage\",\"@id\":\"https:\\\/\\\/digimuseo.fi\\\/sv\\\/republikens-presidents-och-fru-jenni-haukios-halsning\\\/\",\"url\":\"https:\\\/\\\/digimuseo.fi\\\/sv\\\/republikens-presidents-och-fru-jenni-haukios-halsning\\\/\",\"name\":\"Republikens presidents och fru Jenni Haukios h\u00e4lsning - Digital museum\",\"isPartOf\":{\"@id\":\"https:\\\/\\\/digimuseo.fi\\\/en\\\/#website\"},\"primaryImageOfPage\":{\"@id\":\"https:\\\/\\\/digimuseo.fi\\\/sv\\\/republikens-presidents-och-fru-jenni-haukios-halsning\\\/#primaryimage\"},\"image\":{\"@id\":\"https:\\\/\\\/digimuseo.fi\\\/sv\\\/republikens-presidents-och-fru-jenni-haukios-halsning\\\/#primaryimage\"},\"thumbnailUrl\":\"https:\\\/\\\/digimuseo.fi\\\/wp-content\\\/uploads\\\/2020\\\/05\\\/tervehdys_opt.jpg\",\"datePublished\":\"2020-05-18T05:30:25+00:00\",\"dateModified\":\"2020-05-18T09:31:22+00:00\",\"author\":{\"@id\":\"https:\\\/\\\/digimuseo.fi\\\/en\\\/#\\\/schema\\\/person\\\/861026bb298c1ec61f814476b0b6937d\"},\"breadcrumb\":{\"@id\":\"https:\\\/\\\/digimuseo.fi\\\/sv\\\/republikens-presidents-och-fru-jenni-haukios-halsning\\\/#breadcrumb\"},\"inLanguage\":\"sv-SE\",\"potentialAction\":[{\"@type\":\"ReadAction\",\"target\":[\"https:\\\/\\\/digimuseo.fi\\\/sv\\\/republikens-presidents-och-fru-jenni-haukios-halsning\\\/\"]}]},{\"@type\":\"ImageObject\",\"inLanguage\":\"sv-SE\",\"@id\":\"https:\\\/\\\/digimuseo.fi\\\/sv\\\/republikens-presidents-och-fru-jenni-haukios-halsning\\\/#primaryimage\",\"url\":\"https:\\\/\\\/digimuseo.fi\\\/wp-content\\\/uploads\\\/2020\\\/05\\\/tervehdys_opt.jpg\",\"contentUrl\":\"https:\\\/\\\/digimuseo.fi\\\/wp-content\\\/uploads\\\/2020\\\/05\\\/tervehdys_opt.jpg\",\"width\":1200,\"height\":800},{\"@type\":\"BreadcrumbList\",\"@id\":\"https:\\\/\\\/digimuseo.fi\\\/sv\\\/republikens-presidents-och-fru-jenni-haukios-halsning\\\/#breadcrumb\",\"itemListElement\":[{\"@type\":\"ListItem\",\"position\":1,\"name\":\"Home\",\"item\":\"https:\\\/\\\/digimuseo.fi\\\/sv\\\/\"},{\"@type\":\"ListItem\",\"position\":2,\"name\":\"Republikens presidents och fru Jenni Haukios h\u00e4lsning\"}]},{\"@type\":\"WebSite\",\"@id\":\"https:\\\/\\\/digimuseo.fi\\\/en\\\/#website\",\"url\":\"https:\\\/\\\/digimuseo.fi\\\/en\\\/\",\"name\":\"Digital museum\",\"description\":\"G\u00e5 in fr\u00e5n ditt vardagsrum\",\"potentialAction\":[{\"@type\":\"SearchAction\",\"target\":{\"@type\":\"EntryPoint\",\"urlTemplate\":\"https:\\\/\\\/digimuseo.fi\\\/en\\\/?s={search_term_string}\"},\"query-input\":{\"@type\":\"PropertyValueSpecification\",\"valueRequired\":true,\"valueName\":\"search_term_string\"}}],\"inLanguage\":\"sv-SE\"},{\"@type\":\"Person\",\"@id\":\"https:\\\/\\\/digimuseo.fi\\\/en\\\/#\\\/schema\\\/person\\\/861026bb298c1ec61f814476b0b6937d\",\"name\":\"Janne Tielinen\",\"image\":{\"@type\":\"ImageObject\",\"inLanguage\":\"sv-SE\",\"@id\":\"https:\\\/\\\/secure.gravatar.com\\\/avatar\\\/b5995eddbe8d42e131282a2017b14cc2840e1c7c2ae61c04ec1836ad38223899?s=96&d=mm&r=g\",\"url\":\"https:\\\/\\\/secure.gravatar.com\\\/avatar\\\/b5995eddbe8d42e131282a2017b14cc2840e1c7c2ae61c04ec1836ad38223899?s=96&d=mm&r=g\",\"contentUrl\":\"https:\\\/\\\/secure.gravatar.com\\\/avatar\\\/b5995eddbe8d42e131282a2017b14cc2840e1c7c2ae61c04ec1836ad38223899?s=96&d=mm&r=g\",\"caption\":\"Janne Tielinen\"}}]}<\/script>\n<!-- \/ Yoast SEO plugin. -->","yoast_head_json":{"title":"Republikens presidents och fru Jenni Haukios h\u00e4lsning - Digital museum","robots":{"index":"index","follow":"follow","max-snippet":"max-snippet:-1","max-image-preview":"max-image-preview:large","max-video-preview":"max-video-preview:-1"},"canonical":"https:\/\/digimuseo.fi\/sv\/republikens-presidents-och-fru-jenni-haukios-halsning\/","og_locale":"sv_SE","og_type":"article","og_title":"Republikens presidents och fru Jenni Haukios h\u00e4lsning - Digital museum","og_description":"Historiekunskap hj\u00e4lper oss att besvara m\u00e5nga fr\u00e5gor. Hur har det moderna samh\u00e4llet blivit till, varifr\u00e5n har vi kommit och hur h\u00e4nger det f\u00f6rflutna samman med framtiden? Historiekunskap hj\u00e4lper oss att f\u00f6rst\u00e5 v\u00e4rlden. Vi har alla r\u00e4tt att ta del av historia, konst och kulturarv. Digitaliseringen ger oss nya l\u00f6sningar och m\u00f6jligheter till delaktighet. P\u00e5 n\u00e4tet [&hellip;]","og_url":"https:\/\/digimuseo.fi\/sv\/republikens-presidents-och-fru-jenni-haukios-halsning\/","og_site_name":"Digital museum","article_published_time":"2020-05-18T05:30:25+00:00","article_modified_time":"2020-05-18T09:31:22+00:00","og_image":[{"width":1200,"height":800,"url":"https:\/\/digimuseo.fi\/wp-content\/uploads\/2020\/05\/tervehdys_opt.jpg","type":"image\/jpeg"}],"author":"Janne Tielinen","twitter_card":"summary_large_image","twitter_misc":{"Skriven av":"Janne Tielinen","Ber\u00e4knad l\u00e4stid":"1 minut"},"schema":{"@context":"https:\/\/schema.org","@graph":[{"@type":"Article","@id":"https:\/\/digimuseo.fi\/sv\/republikens-presidents-och-fru-jenni-haukios-halsning\/#article","isPartOf":{"@id":"https:\/\/digimuseo.fi\/sv\/republikens-presidents-och-fru-jenni-haukios-halsning\/"},"author":{"name":"Janne Tielinen","@id":"https:\/\/digimuseo.fi\/en\/#\/schema\/person\/861026bb298c1ec61f814476b0b6937d"},"headline":"Republikens presidents och fru Jenni Haukios h\u00e4lsning","datePublished":"2020-05-18T05:30:25+00:00","dateModified":"2020-05-18T09:31:22+00:00","mainEntityOfPage":{"@id":"https:\/\/digimuseo.fi\/sv\/republikens-presidents-och-fru-jenni-haukios-halsning\/"},"wordCount":219,"image":{"@id":"https:\/\/digimuseo.fi\/sv\/republikens-presidents-och-fru-jenni-haukios-halsning\/#primaryimage"},"thumbnailUrl":"https:\/\/digimuseo.fi\/wp-content\/uploads\/2020\/05\/tervehdys_opt.jpg","inLanguage":"sv-SE"},{"@type":"WebPage","@id":"https:\/\/digimuseo.fi\/sv\/republikens-presidents-och-fru-jenni-haukios-halsning\/","url":"https:\/\/digimuseo.fi\/sv\/republikens-presidents-och-fru-jenni-haukios-halsning\/","name":"Republikens presidents och fru Jenni Haukios h\u00e4lsning - Digital museum","isPartOf":{"@id":"https:\/\/digimuseo.fi\/en\/#website"},"primaryImageOfPage":{"@id":"https:\/\/digimuseo.fi\/sv\/republikens-presidents-och-fru-jenni-haukios-halsning\/#primaryimage"},"image":{"@id":"https:\/\/digimuseo.fi\/sv\/republikens-presidents-och-fru-jenni-haukios-halsning\/#primaryimage"},"thumbnailUrl":"https:\/\/digimuseo.fi\/wp-content\/uploads\/2020\/05\/tervehdys_opt.jpg","datePublished":"2020-05-18T05:30:25+00:00","dateModified":"2020-05-18T09:31:22+00:00","author":{"@id":"https:\/\/digimuseo.fi\/en\/#\/schema\/person\/861026bb298c1ec61f814476b0b6937d"},"breadcrumb":{"@id":"https:\/\/digimuseo.fi\/sv\/republikens-presidents-och-fru-jenni-haukios-halsning\/#breadcrumb"},"inLanguage":"sv-SE","potentialAction":[{"@type":"ReadAction","target":["https:\/\/digimuseo.fi\/sv\/republikens-presidents-och-fru-jenni-haukios-halsning\/"]}]},{"@type":"ImageObject","inLanguage":"sv-SE","@id":"https:\/\/digimuseo.fi\/sv\/republikens-presidents-och-fru-jenni-haukios-halsning\/#primaryimage","url":"https:\/\/digimuseo.fi\/wp-content\/uploads\/2020\/05\/tervehdys_opt.jpg","contentUrl":"https:\/\/digimuseo.fi\/wp-content\/uploads\/2020\/05\/tervehdys_opt.jpg","width":1200,"height":800},{"@type":"BreadcrumbList","@id":"https:\/\/digimuseo.fi\/sv\/republikens-presidents-och-fru-jenni-haukios-halsning\/#breadcrumb","itemListElement":[{"@type":"ListItem","position":1,"name":"Home","item":"https:\/\/digimuseo.fi\/sv\/"},{"@type":"ListItem","position":2,"name":"Republikens presidents och fru Jenni Haukios h\u00e4lsning"}]},{"@type":"WebSite","@id":"https:\/\/digimuseo.fi\/en\/#website","url":"https:\/\/digimuseo.fi\/en\/","name":"Digital museum","description":"G\u00e5 in fr\u00e5n ditt vardagsrum","potentialAction":[{"@type":"SearchAction","target":{"@type":"EntryPoint","urlTemplate":"https:\/\/digimuseo.fi\/en\/?s={search_term_string}"},"query-input":{"@type":"PropertyValueSpecification","valueRequired":true,"valueName":"search_term_string"}}],"inLanguage":"sv-SE"},{"@type":"Person","@id":"https:\/\/digimuseo.fi\/en\/#\/schema\/person\/861026bb298c1ec61f814476b0b6937d","name":"Janne Tielinen","image":{"@type":"ImageObject","inLanguage":"sv-SE","@id":"https:\/\/secure.gravatar.com\/avatar\/b5995eddbe8d42e131282a2017b14cc2840e1c7c2ae61c04ec1836ad38223899?s=96&d=mm&r=g","url":"https:\/\/secure.gravatar.com\/avatar\/b5995eddbe8d42e131282a2017b14cc2840e1c7c2ae61c04ec1836ad38223899?s=96&d=mm&r=g","contentUrl":"https:\/\/secure.gravatar.com\/avatar\/b5995eddbe8d42e131282a2017b14cc2840e1c7c2ae61c04ec1836ad38223899?s=96&d=mm&r=g","caption":"Janne Tielinen"}}]}},"_links":{"self":[{"href":"https:\/\/digimuseo.fi\/sv\/wp-json\/wp\/v2\/posts\/188","targetHints":{"allow":["GET"]}}],"collection":[{"href":"https:\/\/digimuseo.fi\/sv\/wp-json\/wp\/v2\/posts"}],"about":[{"href":"https:\/\/digimuseo.fi\/sv\/wp-json\/wp\/v2\/types\/post"}],"author":[{"embeddable":true,"href":"https:\/\/digimuseo.fi\/sv\/wp-json\/wp\/v2\/users\/9"}],"replies":[{"embeddable":true,"href":"https:\/\/digimuseo.fi\/sv\/wp-json\/wp\/v2\/comments?post=188"}],"version-history":[{"count":0,"href":"https:\/\/digimuseo.fi\/sv\/wp-json\/wp\/v2\/posts\/188\/revisions"}],"wp:featuredmedia":[{"embeddable":true,"href":"https:\/\/digimuseo.fi\/sv\/wp-json\/wp\/v2\/media\/92"}],"wp:attachment":[{"href":"https:\/\/digimuseo.fi\/sv\/wp-json\/wp\/v2\/media?parent=188"}],"wp:term":[{"taxonomy":"category","embeddable":true,"href":"https:\/\/digimuseo.fi\/sv\/wp-json\/wp\/v2\/categories?post=188"},{"taxonomy":"post_tag","embeddable":true,"href":"https:\/\/digimuseo.fi\/sv\/wp-json\/wp\/v2\/tags?post=188"}],"curies":[{"name":"wp","href":"https:\/\/api.w.org\/{rel}","templated":true}]}}